{"id":7182,"date":"2017-06-24T09:34:36","date_gmt":"2017-06-24T08:34:36","guid":{"rendered":"http:\/\/www.wtkg.it\/?p=7182"},"modified":"2017-06-24T09:34:36","modified_gmt":"2017-06-24T08:34:36","slug":"giovanni-sasso-e-campione-ditalia-di-paraciclismo-a-cronometro","status":"publish","type":"post","link":"https:\/\/www.wtkg.it\/?p=7182","title":{"rendered":"Giovanni Sasso \u00e8 Campione d\u2019Italia di Paraciclismo a Cronometro!"},"content":{"rendered":"<p>http:\/\/www.ildispariquotidiano.it<\/p>\n<p>ianni Sasso non smette di stupire. L\u2019olimpionico ischitano si \u00e8 appena laureato Campione Italiano di Paraciclismo a cronometro nella categoria C2. Sasso \u00e8 stato capace di coprire la <a href=\"http:\/\/www.wtkg.it\/wp-content\/sasso1-e1473519854808.jpg\"><img loading=\"lazy\" decoding=\"async\" class=\"alignright size-thumbnail wp-image-7183\" alt=\"sasso1-e1473519854808\" src=\"http:\/\/www.wtkg.it\/wp-content\/sasso1-e1473519854808-150x150.jpg\" width=\"150\" height=\"150\" \/><\/a>distanza di gara \u2013 che si \u00e8 svolta a Cuorgn\u00e9 (Torino) \u2013 di 17,200 Km in 28,00. Davvero un risultato ragguardevole per l\u2019atleta ischitano, che domani disputer\u00e0 anche la gara in linea dei campionati italiani di paraciclismo su strada.<br \/>\nQuesto \u00e8 il messaggio apparso sulla pagine ufficiale facebook di Gianni: \u201c\u00c8 stata preparata in silenzio per settimane e ora possiamo dirlo. Guardate quella maglia tricolore: Gianni Sasso \u00e8 CAMPIONE ITALIANO DI PARACICLISMO A CRONOMETRO! Il pi\u00f9 veloce della categoria C2: 17,200 Km in 28\u201900! Orgogliosi di te! (nelle foto, oltre ad Alex Zanardi, ci sono Righetti e Casadei, due miei gandi compagni di squadra e di avventra)<br \/>\nMa non finisce qui: oggi si lottava contro il tempo, domani c\u2019\u00e8 la prova in linea in gruppo con un nuovo traguardo da tagliare. GRANDE!\u201d<\/p>\n<div><\/div>\n","protected":false},"excerpt":{"rendered":"<p>http:\/\/www.ildispariquotidiano.it ianni Sasso non smette di stupire. L\u2019olimpionico ischitano si \u00e8 appena laureato Campione Italiano di Paraciclismo a cronometro nella categoria C2. Sasso \u00e8 stato capace di coprire la distanza di gara \u2013 che si \u00e8 svolta a Cuorgn\u00e9 (Torino) \u2013 di 17,200 Km in 28,00. Davvero un risultato ragguardevole per l\u2019atleta ischitano, che domani [&hellip;]<\/p>\n","protected":false},"author":25,"featured_media":0,"comment_status":"open","ping_status":"closed","sticky":false,"template":"","format":"standard","meta":{"footnotes":""},"categories":[1],"tags":[],"class_list":["post-7182","post","type-post","status-publish","format-standard","hentry","category-willy-news"],"_links":{"self":[{"href":"https:\/\/www.wtkg.it\/index.php?rest_route=\/wp\/v2\/posts\/7182","targetHints":{"allow":["GET"]}}],"collection":[{"href":"https:\/\/www.wtkg.it\/index.php?rest_route=\/wp\/v2\/posts"}],"about":[{"href":"https:\/\/www.wtkg.it\/index.php?rest_route=\/wp\/v2\/types\/post"}],"author":[{"embeddable":true,"href":"https:\/\/www.wtkg.it\/index.php?rest_route=\/wp\/v2\/users\/25"}],"replies":[{"embeddable":true,"href":"https:\/\/www.wtkg.it\/index.php?rest_route=%2Fwp%2Fv2%2Fcomments&post=7182"}],"version-history":[{"count":1,"href":"https:\/\/www.wtkg.it\/index.php?rest_route=\/wp\/v2\/posts\/7182\/revisions"}],"predecessor-version":[{"id":7184,"href":"https:\/\/www.wtkg.it\/index.php?rest_route=\/wp\/v2\/posts\/7182\/revisions\/7184"}],"wp:attachment":[{"href":"https:\/\/www.wtkg.it\/index.php?rest_route=%2Fwp%2Fv2%2Fmedia&parent=7182"}],"wp:term":[{"taxonomy":"category","embeddable":true,"href":"https:\/\/www.wtkg.it\/index.php?rest_route=%2Fwp%2Fv2%2Fcategories&post=7182"},{"taxonomy":"post_tag","embeddable":true,"href":"https:\/\/www.wtkg.it\/index.php?rest_route=%2Fwp%2Fv2%2Ftags&post=7182"}],"curies":[{"name":"wp","href":"https:\/\/api.w.org\/{rel}","templated":true}]}}