{"id":6649,"date":"2016-07-08T20:13:38","date_gmt":"2016-07-08T19:13:38","guid":{"rendered":"http:\/\/www.wtkg.it\/?p=6649"},"modified":"2016-07-08T20:15:15","modified_gmt":"2016-07-08T19:15:15","slug":"gianni-sasso-alle-paralimpiadi-a-rio","status":"publish","type":"post","link":"https:\/\/www.wtkg.it\/?p=6649","title":{"rendered":"Gianni Sasso alle paralimpiadi a Rio"},"content":{"rendered":"<p>UFFICIALE &#8211; <a href=\"https:\/\/www.facebook.com\/gianni.sasso.52\" data-hovercard=\"\/ajax\/hovercard\/user.php?id=1453248750&amp;extragetparams=%7B%22directed_target_id%22%3A0%7D\">Gianni Sasso<\/a> (atleta <a href=\"https:\/\/www.facebook.com\/Cicliscotto-557578310988458\/\" data-hovercard=\"\/ajax\/hovercard\/page.php?id=557578310988458&amp;extragetparams=%7B%22directed_target_id%22%3A0%7D\">Cicliscotto<\/a>) sar\u00e0 presente a <a href=\"https:\/\/www.facebook.com\/rio2016\/\" data-hovercard=\"\/ajax\/hovercard\/page.php?id=1102184159816462&amp;extragetparams=%7B%22directed_target_id%22%3A0%7D\">Rio 2016<\/a>!<br \/>\nLa Federazione Internazionale ha inviato la comunicazione ufficiale alla <a href=\"https:\/\/www.facebook.com\/Federazione-Italiana-Triathlon-428986370566829\/\" data-hovercard=\"\/ajax\/hovercard\/page.php?id=428986370566829&amp;extragetparams=%7B%22directed_target_id%22%3A0%7D\">Federazione Italiana Triathlon<\/a> e Ganni difender\u00e0 i colori dell&#8217;Italia alle Paralimpiadi in Brasile (XXV Edizione, 7-18 settembre).<br \/>\n(photo <a href=\"https:\/\/www.facebook.com\/simone.desanctis\" data-hovercard=\"\/ajax\/hovercard\/user.php?id=707477752&amp;extragetparams=%7B%22directed_target_id%22%3A0%7D\">Simone De Sanctis<\/a>)<br \/>\nGrazie ha chi l&#8217;ha sempre supportato e incoraggiato ma grazie sopratutto all&#8217;uomo e all&#8217;atleta esempio di caparbiet\u00e0 e coraggio: dove c&#8217;\u00e8 una grande volont\u00e0 non possono esserci grandi difficolt\u00e0!<br \/>\n<a href=\"http:\/\/www.giannisasso.com\/\" rel=\"nofollow nofollow\" target=\"_blank\">www.giannisasso.com<\/a> \u2014<\/p>\n<p><a href=\"http:\/\/www.wtkg.it\/wp-content\/13590304_1264390466906207_1272753854282612763_n.jpg\"><img loading=\"lazy\" decoding=\"async\" class=\"alignleft size-thumbnail wp-image-6656\" title=\"13590304_1264390466906207_1272753854282612763_n\" src=\"http:\/\/www.wtkg.it\/wp-content\/13590304_1264390466906207_1272753854282612763_n-150x150.jpg\" alt=\"\" width=\"150\" height=\"150\" \/><\/a><a href=\"http:\/\/www.wtkg.it\/wp-content\/13529165_611427185681216_4247712101923804394_n.jpg\"><img loading=\"lazy\" decoding=\"async\" class=\"alignright size-thumbnail wp-image-6651\" title=\"13529165_611427185681216_4247712101923804394_n\" src=\"http:\/\/www.wtkg.it\/wp-content\/13529165_611427185681216_4247712101923804394_n-150x150.jpg\" alt=\"\" width=\"150\" height=\"150\" \/><\/a><\/p>\n","protected":false},"excerpt":{"rendered":"<p>UFFICIALE &#8211; Gianni Sasso (atleta Cicliscotto) sar\u00e0 presente a Rio 2016! La Federazione Internazionale ha inviato la comunicazione ufficiale alla Federazione Italiana Triathlon e Ganni difender\u00e0 i colori dell&#8217;Italia alle Paralimpiadi in Brasile (XXV Edizione, 7-18 settembre). (photo Simone De Sanctis) Grazie ha chi l&#8217;ha sempre supportato e incoraggiato ma grazie sopratutto all&#8217;uomo e all&#8217;atleta [&hellip;]<\/p>\n","protected":false},"author":25,"featured_media":0,"comment_status":"open","ping_status":"closed","sticky":false,"template":"","format":"standard","meta":{"footnotes":""},"categories":[1],"tags":[],"class_list":["post-6649","post","type-post","status-publish","format-standard","hentry","category-willy-news"],"_links":{"self":[{"href":"https:\/\/www.wtkg.it\/index.php?rest_route=\/wp\/v2\/posts\/6649","targetHints":{"allow":["GET"]}}],"collection":[{"href":"https:\/\/www.wtkg.it\/index.php?rest_route=\/wp\/v2\/posts"}],"about":[{"href":"https:\/\/www.wtkg.it\/index.php?rest_route=\/wp\/v2\/types\/post"}],"author":[{"embeddable":true,"href":"https:\/\/www.wtkg.it\/index.php?rest_route=\/wp\/v2\/users\/25"}],"replies":[{"embeddable":true,"href":"https:\/\/www.wtkg.it\/index.php?rest_route=%2Fwp%2Fv2%2Fcomments&post=6649"}],"version-history":[{"count":2,"href":"https:\/\/www.wtkg.it\/index.php?rest_route=\/wp\/v2\/posts\/6649\/revisions"}],"predecessor-version":[{"id":6657,"href":"https:\/\/www.wtkg.it\/index.php?rest_route=\/wp\/v2\/posts\/6649\/revisions\/6657"}],"wp:attachment":[{"href":"https:\/\/www.wtkg.it\/index.php?rest_route=%2Fwp%2Fv2%2Fmedia&parent=6649"}],"wp:term":[{"taxonomy":"category","embeddable":true,"href":"https:\/\/www.wtkg.it\/index.php?rest_route=%2Fwp%2Fv2%2Fcategories&post=6649"},{"taxonomy":"post_tag","embeddable":true,"href":"https:\/\/www.wtkg.it\/index.php?rest_route=%2Fwp%2Fv2%2Ftags&post=6649"}],"curies":[{"name":"wp","href":"https:\/\/api.w.org\/{rel}","templated":true}]}}