{"id":6351,"date":"2016-02-03T11:36:09","date_gmt":"2016-02-03T10:36:09","guid":{"rendered":"http:\/\/www.wtkg.it\/?p=6351"},"modified":"2016-02-03T11:42:33","modified_gmt":"2016-02-03T10:42:33","slug":"giulia-ghiretti-inizia-un-anno-con-il-record-italiano-nei-200-misti","status":"publish","type":"post","link":"https:\/\/www.wtkg.it\/?p=6351","title":{"rendered":"Giulia Ghiretti inizia un anno con il record italiano nei 200 misti"},"content":{"rendered":"<p>Da abili allo sport  http:\/\/www.abiliallosport.it\/<\/p>\n<div>\n<p> Busto Arsizio, Giulia Ghiretti in splendida forma, ritocca il miglior tempo, che gi\u00e0 le apparteneva. La nuotatrice \u00e8 scesa in vasca come<a href=\"http:\/\/www.wtkg.it\/wp-content\/130453394-66814260-d35e-46d2-aec7-3b5ea564916d.jpg\"><img loading=\"lazy\" decoding=\"async\" class=\"alignright size-thumbnail wp-image-6370\" title=\"130453394-66814260-d35e-46d2-aec7-3b5ea564916d\" src=\"http:\/\/www.wtkg.it\/wp-content\/130453394-66814260-d35e-46d2-aec7-3b5ea564916d-150x150.jpg\" alt=\"\" width=\"150\" height=\"150\" \/><\/a> tesserata delle <strong>Fiamme Oro: \u00e8 la prima atleta paralimpica in forza al gruppo sportivo della Polizia di Stato<\/strong>Le Paralimpiadi di Rio de Janeiro non sono poi cos\u00ec lontane e Giulia Ghiretti, con il pass gi\u00e0 in tasca, inizia alla grande il percorso di avvicinamento all\u2019appuntamento a cinque cerchi. Con una novit\u00e0: la nuotatrice tesserata Ego Nuoto, \u00e8 infatti la prima atleta paralimpica a far parte del gruppo sportivo Fiamme Oro della Polizia di Stato. Un riconoscimento importante per la nuotatrice parmigiana, argento mondiale in carica nei 100m rana.Domenica 31 gennaio, in gara a Busto Arsizio (Varese), per il VI campionato regionale lombardo, Giulia ha dimostrato, al primo appuntamento del 2016, di essere gi\u00e0 in ottima forma. <strong>\u00c8 suo infatti il 3\u201957\u201d77 nei 200 misti con cui non solo ha sbaragliato la concorrenza, ma anche migliorato il record italiano che gi\u00e0 le apparteneva. La Ghiretti ha vinto anche nei 50 stile libero, dove ha ripetuto il suo personale di 51\u201d81<\/strong>. L\u2019appuntamento era valido per la conquista dei pass europei (30 aprile-7 maggio) e olimpici (Rio, 7-18 settembre) che Giulia ha gi\u00e0<!--more--> ottenuto.Tolta la cuffia, la soddisfazione dell\u2019atleta \u00e8 lampante: \u201cSono sorpresa soprattutto del record nei 200m misti \u2013 ammette -. Alla vigilia volevo dare il massimo, ma certamente, in questo momento della preparazione, non pensavo di migliorare il tempo: \u00e8 un buon segnale in ottica futura. L\u2019importante, adesso, \u00e8 continuare con questa intensit\u00e0 gli allenamenti (agli ordini degli allenatori Massmiliano Tosin e Micaela Biava, ndr)\u201d. Prima, per\u00f2, l\u2019impegno universitario: febbraio \u00e8 sessione di esami e domani la nuotatrice, che vive a Milano dove studia ingegneria biomedica, dovr\u00e0 affrontarne gi\u00e0 uno.Il prossimo appuntamento \u00e8 a Reggio Emilia, il 27 e il 28 febbraio, per i Campionati italiani assoluti invernali: un\u2019occasione unica, per i suoi tifosi parmigiani, di vederla gareggiare dal vivo.<\/p>\n<\/div>\n<div> 538 VIEWS 0 LIKES FEB 1, 2016 SHARE<\/div>\n","protected":false},"excerpt":{"rendered":"<p>Da abili allo sport http:\/\/www.abiliallosport.it\/ Busto Arsizio, Giulia Ghiretti in splendida forma, ritocca il miglior tempo, che gi\u00e0 le apparteneva. La nuotatrice \u00e8 scesa in vasca come tesserata delle Fiamme Oro: \u00e8 la prima atleta paralimpica in forza al gruppo sportivo della Polizia di StatoLe Paralimpiadi di Rio de Janeiro non sono poi cos\u00ec lontane [&hellip;]<\/p>\n","protected":false},"author":25,"featured_media":0,"comment_status":"open","ping_status":"closed","sticky":false,"template":"","format":"standard","meta":{"footnotes":""},"categories":[1],"tags":[],"class_list":["post-6351","post","type-post","status-publish","format-standard","hentry","category-willy-news"],"_links":{"self":[{"href":"https:\/\/www.wtkg.it\/index.php?rest_route=\/wp\/v2\/posts\/6351","targetHints":{"allow":["GET"]}}],"collection":[{"href":"https:\/\/www.wtkg.it\/index.php?rest_route=\/wp\/v2\/posts"}],"about":[{"href":"https:\/\/www.wtkg.it\/index.php?rest_route=\/wp\/v2\/types\/post"}],"author":[{"embeddable":true,"href":"https:\/\/www.wtkg.it\/index.php?rest_route=\/wp\/v2\/users\/25"}],"replies":[{"embeddable":true,"href":"https:\/\/www.wtkg.it\/index.php?rest_route=%2Fwp%2Fv2%2Fcomments&post=6351"}],"version-history":[{"count":4,"href":"https:\/\/www.wtkg.it\/index.php?rest_route=\/wp\/v2\/posts\/6351\/revisions"}],"predecessor-version":[{"id":6372,"href":"https:\/\/www.wtkg.it\/index.php?rest_route=\/wp\/v2\/posts\/6351\/revisions\/6372"}],"wp:attachment":[{"href":"https:\/\/www.wtkg.it\/index.php?rest_route=%2Fwp%2Fv2%2Fmedia&parent=6351"}],"wp:term":[{"taxonomy":"category","embeddable":true,"href":"https:\/\/www.wtkg.it\/index.php?rest_route=%2Fwp%2Fv2%2Fcategories&post=6351"},{"taxonomy":"post_tag","embeddable":true,"href":"https:\/\/www.wtkg.it\/index.php?rest_route=%2Fwp%2Fv2%2Ftags&post=6351"}],"curies":[{"name":"wp","href":"https:\/\/api.w.org\/{rel}","templated":true}]}}