{"id":5931,"date":"2015-05-29T11:24:24","date_gmt":"2015-05-29T10:24:24","guid":{"rendered":"http:\/\/www.wtkg.it\/?p=5931"},"modified":"2015-05-29T11:25:09","modified_gmt":"2015-05-29T10:25:09","slug":"giulia-ghiretti-nuovo-record-italiano-nei-100-rana-e-record-di-categoria-nei-50-farfalla","status":"publish","type":"post","link":"https:\/\/www.wtkg.it\/?p=5931","title":{"rendered":"Giulia Ghiretti: nuovo record italiano nei 100 rana e record di categoria nei 50 farfalla"},"content":{"rendered":"<p>I Campionati Societari della Federazione Italiana Nuoto Paralimpico hanno visto durante lo scorso weekend, sabato 23 e domenica 24 maggio a<a href=\"http:\/\/www.wtkg.it\/wp-content\/Giulia-Ghiretti-Campionati-Societari-2-500x677.jpg\"><img loading=\"lazy\" decoding=\"async\" class=\"alignright size-thumbnail wp-image-5938\" title=\"Giulia-Ghiretti-Campionati-Societari-2-500x677\" src=\"http:\/\/www.wtkg.it\/wp-content\/Giulia-Ghiretti-Campionati-Societari-2-500x677-150x150.jpg\" alt=\"\" width=\"150\" height=\"150\" \/><\/a> Lignano Sabbiadoro, l\u2019atleta Giulia Ghiretti, della Ego Nuoto, stabilire il nuovo r ecord assoluto italiano nei 100 metri rana con il tempo di 1\u201959\u201d56. La Ghiretti ha iniziato al meglio il suo weekend con il nuovo record, dopo aver confermato i suoi tempi sui 200 misti, e ha proseguito domenica mattina nei 50 farfalla registrando un nuovo record di categoria in 00\u201951\u201d74, mancando per soli 5 decimi di secondo il record assoluto.<br \/>\n\u201cSto lavorando molto e sono contenta di come vanno gli allenamenti, anche se nei 200 misti potevo far meglio sia i 50 rana che i 50 farfalla, ma avr\u00f2 modo di lavorare ancora \u2013 racconta Giulia Ghiretti -. Sono consapevole che le mie avversarie ai mondiali in questa specialit\u00e0 siano davvero forti, ma \u00e8 una gara che mi d\u00e0 soddisfazione e mi piace. Ringrazio tutto lo staff tecnico che mi sostiene, oltre agli allenatori Massimiliano Tosin e Micaela Biava\u201d.<br \/>\nLa Ghiretti, soddisfatta della sua prestazione nei 100 rana per questi campionati, \u00e8 consapevole che i mondiali ormai sono alle porte: prossimo appuntamento sono gli assoluti estivi, in programma per il 26 giugno, poi la rassegna iridata a Glasgow, che la vedranno impegnata per ottenere la qualificazione alle Paralimpiadi 2016.<\/p>\n","protected":false},"excerpt":{"rendered":"<p>I Campionati Societari della Federazione Italiana Nuoto Paralimpico hanno visto durante lo scorso weekend, sabato 23 e domenica 24 maggio a Lignano Sabbiadoro, l\u2019atleta Giulia Ghiretti, della Ego Nuoto, stabilire il nuovo r ecord assoluto italiano nei 100 metri rana con il tempo di 1\u201959\u201d56. La Ghiretti ha iniziato al meglio il suo weekend con [&hellip;]<\/p>\n","protected":false},"author":25,"featured_media":0,"comment_status":"open","ping_status":"closed","sticky":false,"template":"","format":"standard","meta":{"footnotes":""},"categories":[1],"tags":[],"class_list":["post-5931","post","type-post","status-publish","format-standard","hentry","category-willy-news"],"_links":{"self":[{"href":"https:\/\/www.wtkg.it\/index.php?rest_route=\/wp\/v2\/posts\/5931","targetHints":{"allow":["GET"]}}],"collection":[{"href":"https:\/\/www.wtkg.it\/index.php?rest_route=\/wp\/v2\/posts"}],"about":[{"href":"https:\/\/www.wtkg.it\/index.php?rest_route=\/wp\/v2\/types\/post"}],"author":[{"embeddable":true,"href":"https:\/\/www.wtkg.it\/index.php?rest_route=\/wp\/v2\/users\/25"}],"replies":[{"embeddable":true,"href":"https:\/\/www.wtkg.it\/index.php?rest_route=%2Fwp%2Fv2%2Fcomments&post=5931"}],"version-history":[{"count":2,"href":"https:\/\/www.wtkg.it\/index.php?rest_route=\/wp\/v2\/posts\/5931\/revisions"}],"predecessor-version":[{"id":5939,"href":"https:\/\/www.wtkg.it\/index.php?rest_route=\/wp\/v2\/posts\/5931\/revisions\/5939"}],"wp:attachment":[{"href":"https:\/\/www.wtkg.it\/index.php?rest_route=%2Fwp%2Fv2%2Fmedia&parent=5931"}],"wp:term":[{"taxonomy":"category","embeddable":true,"href":"https:\/\/www.wtkg.it\/index.php?rest_route=%2Fwp%2Fv2%2Fcategories&post=5931"},{"taxonomy":"post_tag","embeddable":true,"href":"https:\/\/www.wtkg.it\/index.php?rest_route=%2Fwp%2Fv2%2Ftags&post=5931"}],"curies":[{"name":"wp","href":"https:\/\/api.w.org\/{rel}","templated":true}]}}