{"id":5793,"date":"2015-03-25T09:29:01","date_gmt":"2015-03-25T08:29:01","guid":{"rendered":"http:\/\/www.wtkg.it\/?p=5793"},"modified":"2015-03-25T10:14:56","modified_gmt":"2015-03-25T09:14:56","slug":"festa-per-aller","status":"publish","type":"post","link":"https:\/\/www.wtkg.it\/?p=5793","title":{"rendered":"Al Salone delle Feste dell\u2019Hotel I Portici di Bologna  per Aller !!"},"content":{"rendered":"<p>Cari amici Wtkg<br \/>\nVenerd\u00ec 27 marzo, al Salone delle Feste dell\u2019Hotel I Portici di Bologna (via Indipendenza 69) i miei amici del Gruppo 77 hanno organizzato una<a href=\"http:\/\/www.wtkg.it\/wp-content\/11015874_10206362592928362_1586554803384599517_n.jpg\"><img loading=\"lazy\" decoding=\"async\" class=\"alignright size-thumbnail wp-image-5801\" title=\"11015874_10206362592928362_1586554803384599517_n\" src=\"http:\/\/www.wtkg.it\/wp-content\/11015874_10206362592928362_1586554803384599517_n-150x150.jpg\" alt=\"\" width=\"150\" height=\"150\" \/><\/a> magnifica serata per celebrare la mia poesia (le miedue raccolte e la poetica contenuta ne \u201cIl ballerino nell\u2019albero\u201d) e per ringraziarmi di ci\u00f2 che in questi due anni ho fatto per la diffusione della poesia (in questa e in altre regioni). Tutto questo a pochi giorni di distanza dalla nostra partenza per l\u2019Irlanda, doveil Gruppo 77 \u00e8 stato invitato a partecipare al Festival Mondiale diLetteratura di Cork..Venerd\u00ec 27 ci accompagner\u00e0 dal vivo il Trio Eccentrico (Massimo Ghetti flauto, Javier Gonzales fagotto e Alan Selva clarinetto).L\u2019ingresso \u00e8 libero, il luogo un incanto.<\/p>\n<p>Alessandro Dall&#8217;Olio<\/p>\n<p>&nbsp;<\/p>\n","protected":false},"excerpt":{"rendered":"<p>Cari amici Wtkg Venerd\u00ec 27 marzo, al Salone delle Feste dell\u2019Hotel I Portici di Bologna (via Indipendenza 69) i miei amici del Gruppo 77 hanno organizzato una magnifica serata per celebrare la mia poesia (le miedue raccolte e la poetica contenuta ne \u201cIl ballerino nell\u2019albero\u201d) e per ringraziarmi di ci\u00f2 che in questi due anni [&hellip;]<\/p>\n","protected":false},"author":25,"featured_media":0,"comment_status":"open","ping_status":"closed","sticky":false,"template":"","format":"standard","meta":{"footnotes":""},"categories":[1],"tags":[],"class_list":["post-5793","post","type-post","status-publish","format-standard","hentry","category-willy-news"],"_links":{"self":[{"href":"https:\/\/www.wtkg.it\/index.php?rest_route=\/wp\/v2\/posts\/5793","targetHints":{"allow":["GET"]}}],"collection":[{"href":"https:\/\/www.wtkg.it\/index.php?rest_route=\/wp\/v2\/posts"}],"about":[{"href":"https:\/\/www.wtkg.it\/index.php?rest_route=\/wp\/v2\/types\/post"}],"author":[{"embeddable":true,"href":"https:\/\/www.wtkg.it\/index.php?rest_route=\/wp\/v2\/users\/25"}],"replies":[{"embeddable":true,"href":"https:\/\/www.wtkg.it\/index.php?rest_route=%2Fwp%2Fv2%2Fcomments&post=5793"}],"version-history":[{"count":8,"href":"https:\/\/www.wtkg.it\/index.php?rest_route=\/wp\/v2\/posts\/5793\/revisions"}],"predecessor-version":[{"id":5809,"href":"https:\/\/www.wtkg.it\/index.php?rest_route=\/wp\/v2\/posts\/5793\/revisions\/5809"}],"wp:attachment":[{"href":"https:\/\/www.wtkg.it\/index.php?rest_route=%2Fwp%2Fv2%2Fmedia&parent=5793"}],"wp:term":[{"taxonomy":"category","embeddable":true,"href":"https:\/\/www.wtkg.it\/index.php?rest_route=%2Fwp%2Fv2%2Fcategories&post=5793"},{"taxonomy":"post_tag","embeddable":true,"href":"https:\/\/www.wtkg.it\/index.php?rest_route=%2Fwp%2Fv2%2Ftags&post=5793"}],"curies":[{"name":"wp","href":"https:\/\/api.w.org\/{rel}","templated":true}]}}