{"id":5423,"date":"2014-09-13T10:34:57","date_gmt":"2014-09-13T09:34:57","guid":{"rendered":"http:\/\/www.wtkg.it\/?p=5423"},"modified":"2014-09-13T10:39:23","modified_gmt":"2014-09-13T09:39:23","slug":"disabili-quattro-bolognesi-in-spagna-ai-mondiali-di-arrampicata","status":"publish","type":"post","link":"https:\/\/www.wtkg.it\/?p=5423","title":{"rendered":"Disabili, quattro bolognesi in Spagna ai mondiali di arrampicata"},"content":{"rendered":"<p>Tra loro Matteo Alberghini, Lorenzo Major e Giulia Poggioli al campionato di paraclimb che si tiene a Gijon fino al 14 settembre<a href=\"http:\/\/www.wtkg.it\/wp-content\/cid_e015e665-cd84-458c-98fb-779c5adbd116.jpg\"><img loading=\"lazy\" decoding=\"async\" class=\"alignright size-thumbnail wp-image-5429\" title=\"!cid_e015e665-cd84-458c-98fb-779c5adbd116\" src=\"http:\/\/www.wtkg.it\/wp-content\/cid_e015e665-cd84-458c-98fb-779c5adbd116-150x150.jpg\" alt=\"\" width=\"150\" height=\"150\" \/><\/a><\/p>\n<p>Bologna, 11 settembre 2014 &#8211; Sono quattro gli atleti bolognesi che stanno gareggiando in queste ore al Campionato del mondo di paraclimb in corso a Gijon, in Spagna, fino al 14 settembre. Hanno dai 18 ai 43 anni e concorrono nelle categorie per disabili motori e visivi. L&#8217;atleta di punta della spedizione \u00e8 Matteo Stefani, studente universitario tesserato per il Cus Bologna. Nel 2011 ha vinto due ori all&#8217;International Paraclimbing Cup Arco, l&#8217;anno successivo un oro al campionato europeo di Chamonix e un oro a Laval nella specialit\u00e0 Boulder, mentre a Parigi ha conquistato la medaglia di bronzo. Matteo Alberghini, 22 anni, tesserato per la Pgs Welcome di Bologna, gareggia nella categoria Physical disability (Pd) a causa della paralisi di un arto superiore.<br \/>\nNeolaureato in ingegneria meccanica, nel 2011 \u00e8 stato medaglia d&#8217;argento nella specialit\u00e0 Speed al campionato del Mondo di Arco e nel 2013 secondo alla coppa del Mondo di Laval per la specialita&#8217; Boulder. Anche Lorenzo Major, 43 anni, \u00e8 tesserato per la Pgs Welcome Bologna e gareggia nella categoria Sitting, riservata agli atleti in sedia a ruote. Veneto di nascita ma emiliano di adozione, \u00e8 uno sportivo molto eclettico. Giulia Poggioli, 18 anni, \u00e8 la pi\u00f9 giovane atleta della spedizione italiana: tesserata per il Cus Bologna, gareggia nella categoria Visivi B2. Brillante studentessa del liceo classico Minghetti di Bologna, nel 2012 ha conquistato la medaglia di bronzo ai campionati del Mondo di Parigi.<br \/>\n&#8220;Il risultato del grande lavoro fatto dalla Federazione italiana di arrampicata sportiva ha portato questi quattro ragazzi a partecipare ai Mondiali &#8211; dice Gianni Scotti, presidente regionale del Cip, il Comitato paralimpico dell&#8217;Emilia-Romagna &#8211; mi auguro che questi atleti portino a casa qualche medaglia, anche perch\u00e9 i requisiti ci sono tutti&#8221;.<\/p>\n","protected":false},"excerpt":{"rendered":"<p>Tra loro Matteo Alberghini, Lorenzo Major e Giulia Poggioli al campionato di paraclimb che si tiene a Gijon fino al 14 settembre Bologna, 11 settembre 2014 &#8211; Sono quattro gli atleti bolognesi che stanno gareggiando in queste ore al Campionato del mondo di paraclimb in corso a Gijon, in Spagna, fino al 14 settembre. Hanno [&hellip;]<\/p>\n","protected":false},"author":25,"featured_media":0,"comment_status":"open","ping_status":"closed","sticky":false,"template":"","format":"standard","meta":{"footnotes":""},"categories":[1],"tags":[],"class_list":["post-5423","post","type-post","status-publish","format-standard","hentry","category-willy-news"],"_links":{"self":[{"href":"https:\/\/www.wtkg.it\/index.php?rest_route=\/wp\/v2\/posts\/5423","targetHints":{"allow":["GET"]}}],"collection":[{"href":"https:\/\/www.wtkg.it\/index.php?rest_route=\/wp\/v2\/posts"}],"about":[{"href":"https:\/\/www.wtkg.it\/index.php?rest_route=\/wp\/v2\/types\/post"}],"author":[{"embeddable":true,"href":"https:\/\/www.wtkg.it\/index.php?rest_route=\/wp\/v2\/users\/25"}],"replies":[{"embeddable":true,"href":"https:\/\/www.wtkg.it\/index.php?rest_route=%2Fwp%2Fv2%2Fcomments&post=5423"}],"version-history":[{"count":4,"href":"https:\/\/www.wtkg.it\/index.php?rest_route=\/wp\/v2\/posts\/5423\/revisions"}],"predecessor-version":[{"id":5431,"href":"https:\/\/www.wtkg.it\/index.php?rest_route=\/wp\/v2\/posts\/5423\/revisions\/5431"}],"wp:attachment":[{"href":"https:\/\/www.wtkg.it\/index.php?rest_route=%2Fwp%2Fv2%2Fmedia&parent=5423"}],"wp:term":[{"taxonomy":"category","embeddable":true,"href":"https:\/\/www.wtkg.it\/index.php?rest_route=%2Fwp%2Fv2%2Fcategories&post=5423"},{"taxonomy":"post_tag","embeddable":true,"href":"https:\/\/www.wtkg.it\/index.php?rest_route=%2Fwp%2Fv2%2Ftags&post=5423"}],"curies":[{"name":"wp","href":"https:\/\/api.w.org\/{rel}","templated":true}]}}