{"id":5381,"date":"2014-08-12T20:50:44","date_gmt":"2014-08-12T19:50:44","guid":{"rendered":"http:\/\/www.wtkg.it\/?p=5381"},"modified":"2014-08-12T21:00:51","modified_gmt":"2014-08-12T20:00:51","slug":"e-bronzo","status":"publish","type":"post","link":"https:\/\/www.wtkg.it\/?p=5381","title":{"rendered":"E&#8217; bronzo"},"content":{"rendered":"<p style=\"text-align: center;\">Pubblico, con qualche giorno di ritardo causa assenza internet, la medaglia di bronzo (nella staffetta azzurra) conquistata sabato 9 agosto da <a href=\"https:\/\/www.facebook.com\/giulia.ghiretti.7\" data-hovercard=\"\/ajax\/hovercard\/user.php?id=1545742666\">Giulia Ghiretti<\/a> agli Europei di nuoto IPC a Eindhoven (Olanda)<br \/>\nLa nuotatrice parmigiana classe \u201994 della Ego Nuoto ha conquistato il bronzo nella staffetta 4&#215;50 mista, insieme ad Arianna Talamona, Stefania Chiarioni e Arjola Trimi.<br \/>\nPer il risultato ufficiale e definitivo della gara, svoltasi venerd\u00ec sera, s\u2019\u00e8 dovuto attendere il pomeriggio di sabato, quando \u00e8 stato respinto il ricorso presentato dalla Russia. La vittoria \u00e8 andata all\u2019Ucraina, con la Norvegia sul secondo gradino del podio e appunto le Azzurre sul terzo.<br \/>\nGiulia Ghiretti ha disputato la seconda frazione, quella a rana, facendo registrare un eccellente tempo, cos\u00ec come ottimo \u00e8 stato quello di Arjola Trimi negli ultimi 50 metri (stile libero).<br \/>\nPer la nuotatrice parmigiana questa rassegna continentale era iniziata nel migliore dei modi, con l\u2019argento messo al collo marted\u00ec 5 nei 100m rana, ed era proseguita poi con la settima piazza nei 50m farfalla e la sesta nei 200m misti.<br \/>\n[fonte: Studio Ghiretti]<br \/>\nNella foto: da sinistra Arjola Trimi, Arianna Talamona, Giulia Ghiretti. Manca Stefania Chiarioni<br \/>\n<a href=\"http:\/\/www.wtkg.it\/wp-content\/10606465_10203687822388128_3436076603065512900_n.jpg\"><img loading=\"lazy\" decoding=\"async\" class=\"aligncenter size-thumbnail wp-image-5388\" title=\"10606465_10203687822388128_3436076603065512900_n\" src=\"http:\/\/www.wtkg.it\/wp-content\/10606465_10203687822388128_3436076603065512900_n-150x150.jpg\" alt=\"\" width=\"150\" height=\"150\" \/><\/a><\/p>\n","protected":false},"excerpt":{"rendered":"<p>Pubblico, con qualche giorno di ritardo causa assenza internet, la medaglia di bronzo (nella staffetta azzurra) conquistata sabato 9 agosto da Giulia Ghiretti agli Europei di nuoto IPC a Eindhoven (Olanda) La nuotatrice parmigiana classe \u201994 della Ego Nuoto ha conquistato il bronzo nella staffetta 4&#215;50 mista, insieme ad Arianna Talamona, Stefania Chiarioni e Arjola [&hellip;]<\/p>\n","protected":false},"author":25,"featured_media":0,"comment_status":"open","ping_status":"closed","sticky":false,"template":"","format":"standard","meta":{"footnotes":""},"categories":[1],"tags":[],"class_list":["post-5381","post","type-post","status-publish","format-standard","hentry","category-willy-news"],"_links":{"self":[{"href":"https:\/\/www.wtkg.it\/index.php?rest_route=\/wp\/v2\/posts\/5381","targetHints":{"allow":["GET"]}}],"collection":[{"href":"https:\/\/www.wtkg.it\/index.php?rest_route=\/wp\/v2\/posts"}],"about":[{"href":"https:\/\/www.wtkg.it\/index.php?rest_route=\/wp\/v2\/types\/post"}],"author":[{"embeddable":true,"href":"https:\/\/www.wtkg.it\/index.php?rest_route=\/wp\/v2\/users\/25"}],"replies":[{"embeddable":true,"href":"https:\/\/www.wtkg.it\/index.php?rest_route=%2Fwp%2Fv2%2Fcomments&post=5381"}],"version-history":[{"count":5,"href":"https:\/\/www.wtkg.it\/index.php?rest_route=\/wp\/v2\/posts\/5381\/revisions"}],"predecessor-version":[{"id":5394,"href":"https:\/\/www.wtkg.it\/index.php?rest_route=\/wp\/v2\/posts\/5381\/revisions\/5394"}],"wp:attachment":[{"href":"https:\/\/www.wtkg.it\/index.php?rest_route=%2Fwp%2Fv2%2Fmedia&parent=5381"}],"wp:term":[{"taxonomy":"category","embeddable":true,"href":"https:\/\/www.wtkg.it\/index.php?rest_route=%2Fwp%2Fv2%2Fcategories&post=5381"},{"taxonomy":"post_tag","embeddable":true,"href":"https:\/\/www.wtkg.it\/index.php?rest_route=%2Fwp%2Fv2%2Ftags&post=5381"}],"curies":[{"name":"wp","href":"https:\/\/api.w.org\/{rel}","templated":true}]}}