{"id":4732,"date":"2013-09-11T20:35:14","date_gmt":"2013-09-11T19:35:14","guid":{"rendered":"http:\/\/www.wtkg.it\/?p=4732"},"modified":"2013-09-11T20:36:09","modified_gmt":"2013-09-11T19:36:09","slug":"la-mostra-happy-hand-e-a-montecatone","status":"publish","type":"post","link":"https:\/\/www.wtkg.it\/?p=4732","title":{"rendered":"La mostra Happy Hand \u00e8 a Montecatone"},"content":{"rendered":"<p>Un viaggio lungo due anni &#8220;catturato&#8221; dagli scatti di Gabriele Fiolo. La mostra fotografica Happy Hand fa tappa all&#8217;Istituto di Riabilitazione di Montecatone, eccellenza sanitaria che l&#8217;Europa ci invidia e tappa obbligata per i traumatizzati spinali. Un ringraziamento particolare al direttore generale Augusto Cavina e a Claudia Corsolini, coordinatrice del Dipartimento Integrazione, che hanno fortemente voluto le 19 tavole dell&#8217;esposizione. Insieme, Cavina e Corsolini, hanno condiviso anche il percorso di Happy Hand fin da quando la manifestazione ha mosso i primi passi e per noi del Wtkg questo \u00e8 motivo di orgoglio e legittima soddisfazione. L&#8217;esposizione delle fotografie, di un metro per un metro, \u00e8 visibile nel cuore dell&#8217;Istituto alle porte di Imola e sar\u00e0 certamente una chicca importante anche nella giornata del 28 Settembre, quando andr\u00e0 in scena una giornata dedicata allo sport paralimpico ricca di gare, dimostrazioni e musica alla presenza del presidente del Cip Luca Pancalli.<\/p>\n<p style=\"text-align: center;\"><a href=\"http:\/\/www.wtkg.it\/wp-content\/Immagine7.jpg\"><img loading=\"lazy\" decoding=\"async\" class=\"aligncenter size-thumbnail wp-image-4741\" title=\"Immagine\" src=\"http:\/\/www.wtkg.it\/wp-content\/Immagine7-150x150.jpg\" alt=\"\" width=\"150\" height=\"150\" \/><\/a><\/p>\n","protected":false},"excerpt":{"rendered":"<p>Un viaggio lungo due anni &#8220;catturato&#8221; dagli scatti di Gabriele Fiolo. La mostra fotografica Happy Hand fa tappa all&#8217;Istituto di Riabilitazione di Montecatone, eccellenza sanitaria che l&#8217;Europa ci invidia e tappa obbligata per i traumatizzati spinali. Un ringraziamento particolare al direttore generale Augusto Cavina e a Claudia Corsolini, coordinatrice del Dipartimento Integrazione, che hanno fortemente [&hellip;]<\/p>\n","protected":false},"author":25,"featured_media":0,"comment_status":"open","ping_status":"closed","sticky":false,"template":"","format":"standard","meta":{"footnotes":""},"categories":[1],"tags":[],"class_list":["post-4732","post","type-post","status-publish","format-standard","hentry","category-willy-news"],"_links":{"self":[{"href":"https:\/\/www.wtkg.it\/index.php?rest_route=\/wp\/v2\/posts\/4732","targetHints":{"allow":["GET"]}}],"collection":[{"href":"https:\/\/www.wtkg.it\/index.php?rest_route=\/wp\/v2\/posts"}],"about":[{"href":"https:\/\/www.wtkg.it\/index.php?rest_route=\/wp\/v2\/types\/post"}],"author":[{"embeddable":true,"href":"https:\/\/www.wtkg.it\/index.php?rest_route=\/wp\/v2\/users\/25"}],"replies":[{"embeddable":true,"href":"https:\/\/www.wtkg.it\/index.php?rest_route=%2Fwp%2Fv2%2Fcomments&post=4732"}],"version-history":[{"count":2,"href":"https:\/\/www.wtkg.it\/index.php?rest_route=\/wp\/v2\/posts\/4732\/revisions"}],"predecessor-version":[{"id":4742,"href":"https:\/\/www.wtkg.it\/index.php?rest_route=\/wp\/v2\/posts\/4732\/revisions\/4742"}],"wp:attachment":[{"href":"https:\/\/www.wtkg.it\/index.php?rest_route=%2Fwp%2Fv2%2Fmedia&parent=4732"}],"wp:term":[{"taxonomy":"category","embeddable":true,"href":"https:\/\/www.wtkg.it\/index.php?rest_route=%2Fwp%2Fv2%2Fcategories&post=4732"},{"taxonomy":"post_tag","embeddable":true,"href":"https:\/\/www.wtkg.it\/index.php?rest_route=%2Fwp%2Fv2%2Ftags&post=4732"}],"curies":[{"name":"wp","href":"https:\/\/api.w.org\/{rel}","templated":true}]}}