{"id":4267,"date":"2013-03-18T15:49:55","date_gmt":"2013-03-18T14:49:55","guid":{"rendered":"http:\/\/www.wtkg.it\/?p=4267"},"modified":"2013-03-18T15:50:33","modified_gmt":"2013-03-18T14:50:33","slug":"il-%e2%80%9cnuovo%e2%80%9d-che-irrompe-interroga-la-disabilita-di-franco-bomprezzi","status":"publish","type":"post","link":"https:\/\/www.wtkg.it\/?p=4267","title":{"rendered":"Il \u201cnuovo\u201d che irrompe interroga la disabilit\u00e0 di Franco Bomprezzi"},"content":{"rendered":"<p>Fotogrammi, parole, emozioni. Due giorni potenti per chi, come me, come noi tutti della redazione di InVisibili, cerca i segni di un possibile cambiamento, di una speranza ragionevole, di una cultura che cambia e include, senza pietismi, con intelligenza e sensibilit\u00e0. Succede tutto in fretta, ma non per questo i segni vanno ridotti a pure sensazioni, perch\u00e9 sono invece il frutto di un lavoro importante, quotidiano, sotterraneo, quasi carsico. Papa Francesco chiama accanto a s\u00e9, sul palco, un giornalista non vedente, che lavora in Rai, in sala Nervi, perch\u00e9 colpito dalla presenza del suo cane guida, il labrador Asi\u00e0 (con l\u2019accento sulla \u201ca\u201d, vezzo dovuto alla nascita francese\u2026). Laura Boldrini, appena eletta presidente della Camera, fra le tante applauditissime riflessioni del suo discorso di insediamento, afferma: \u201cDovremo imparare a capire il mondo con lo sguardo aperto di chi arriva da lontano, con l\u2019intensit\u00e0 e lo stupore di un bambino, con la ricchezza interiore inesplorata di un disabile\u201d.<br \/>\nGi\u00e0, la ricchezza inesplorata. Non i bisogni, la solidariet\u00e0 pelosa, la compassione. No: la ricchezza inesplorata. Non sono parole di<!--more--> circostanza, vengono da lontano. Come quella carezza del Papa a un cane guida, davanti a tutti i giornalisti del mondo. E il colloquio tenendo strette le mani del giornalista cieco, e trasmettendogli empatia e perfino una informazione tecnica: \u201cNon mi puoi vedere, ma io so che mi puoi sentire\u201d. Un Papa venuto dalla fine del mondo, un Presidente della Camera noto alle cronache per aver protestato contro le morti senza nome dei migranti nel Mediterraneo, a poche bracciate di mare dall\u2019Italia. Oggi sono colpito da questi segnali di cambiamento, che non possono rimanere isolati o messi in una vetrina di bei ricordi.<br \/>\nQuesti segni ci interrogano, e forse impongono il \u201cnuovo\u201d anche nella disabilit\u00e0. Meno formalismi e pi\u00f9 sostanza. Se la politica riesce, faticosamente, a rifondarsi attraverso la trasparenza, la scelta di persone nuove ed espressione della societ\u00e0 civile, forse \u00e8 il momento che anche l\u2019impegno sociale, personale e collettivo, nel mondo delle disabilit\u00e0, compia un salto di qualit\u00e0. Troppe associazioni vivono ancora solo grazie all\u2019impegno e alla presenza di autentici \u201cdecani\u201d che hanno fatto mille battaglie, ma che stentano &#8211; e spesso non per colpa loro \u2013 a trovare un ricambio generazionale. Troppe associazioni vivono in funzione dei contributi pubblici che consentono la loro sopravvivenza, ma in questo modo devono spesso evitare il contrasto, la denuncia, la battaglia per rivendicare i diritti negati, per migliorare i servizi scadenti, per favorire nuove forme di sussidiariet\u00e0, di collaborazione, di volontariato attivo. Troppe volte, in nome della comune appartenenza al mondo delle disabilit\u00e0, si \u00e8 rinunciato a combattere battaglie di trasparenza, di legalit\u00e0, di eliminazione di piccoli privilegi e di disparit\u00e0 evidenti.<br \/>\nAl tempo stesso occorre riflettere sulla centralit\u00e0 delle persone, sui gesti, sugli sguardi, sulle attenzioni autentiche, sulle storie personali e collettive. Non tutto \u00e8 perduto, non tutto deve essere rifondato da zero. Abbiamo leggi eccellenti, ma pochi soldi a disposizione. Le famiglie stanno subendo i colpi tremendi di una crisi senza precedenti. La tentazione forte di buttare tutto per aria rischia di costringerci tutti a ricominciare da capo, da zero. E non \u00e8 giusto. Lo sguardo degli InVisibili, la loro cultura, i loro desideri, le loro aspirazioni umane, possono trovare oggi un ascolto inaspettato, e non dobbiamo lasciarci sfuggire questa straordinaria occasione di essere protagonisti, in una stagione di cambiamento. Senza rassegnazione, abbandonando anche quel cupo pessimismo che corrode la speranza, e conduce all\u2019immobilit\u00e0. In una parola: tornando a vivere.<\/p>\n","protected":false},"excerpt":{"rendered":"<p>Fotogrammi, parole, emozioni. Due giorni potenti per chi, come me, come noi tutti della redazione di InVisibili, cerca i segni di un possibile cambiamento, di una speranza ragionevole, di una cultura che cambia e include, senza pietismi, con intelligenza e sensibilit\u00e0. Succede tutto in fretta, ma non per questo i segni vanno ridotti a pure [&hellip;]<\/p>\n","protected":false},"author":25,"featured_media":0,"comment_status":"open","ping_status":"closed","sticky":false,"template":"","format":"standard","meta":{"footnotes":""},"categories":[1],"tags":[],"class_list":["post-4267","post","type-post","status-publish","format-standard","hentry","category-willy-news"],"_links":{"self":[{"href":"https:\/\/www.wtkg.it\/index.php?rest_route=\/wp\/v2\/posts\/4267","targetHints":{"allow":["GET"]}}],"collection":[{"href":"https:\/\/www.wtkg.it\/index.php?rest_route=\/wp\/v2\/posts"}],"about":[{"href":"https:\/\/www.wtkg.it\/index.php?rest_route=\/wp\/v2\/types\/post"}],"author":[{"embeddable":true,"href":"https:\/\/www.wtkg.it\/index.php?rest_route=\/wp\/v2\/users\/25"}],"replies":[{"embeddable":true,"href":"https:\/\/www.wtkg.it\/index.php?rest_route=%2Fwp%2Fv2%2Fcomments&post=4267"}],"version-history":[{"count":3,"href":"https:\/\/www.wtkg.it\/index.php?rest_route=\/wp\/v2\/posts\/4267\/revisions"}],"predecessor-version":[{"id":4274,"href":"https:\/\/www.wtkg.it\/index.php?rest_route=\/wp\/v2\/posts\/4267\/revisions\/4274"}],"wp:attachment":[{"href":"https:\/\/www.wtkg.it\/index.php?rest_route=%2Fwp%2Fv2%2Fmedia&parent=4267"}],"wp:term":[{"taxonomy":"category","embeddable":true,"href":"https:\/\/www.wtkg.it\/index.php?rest_route=%2Fwp%2Fv2%2Fcategories&post=4267"},{"taxonomy":"post_tag","embeddable":true,"href":"https:\/\/www.wtkg.it\/index.php?rest_route=%2Fwp%2Fv2%2Ftags&post=4267"}],"curies":[{"name":"wp","href":"https:\/\/api.w.org\/{rel}","templated":true}]}}