{"id":4253,"date":"2013-03-11T08:06:39","date_gmt":"2013-03-11T07:06:39","guid":{"rendered":"http:\/\/www.wtkg.it\/?p=4253"},"modified":"2013-03-11T08:07:27","modified_gmt":"2013-03-11T07:07:27","slug":"gianni-sasso-a-bologna-con-noi","status":"publish","type":"post","link":"https:\/\/www.wtkg.it\/?p=4253","title":{"rendered":"Gianni Sasso a Bologna con noi"},"content":{"rendered":"<p>Per chi non lo conoscesse, Gianni Sasso \u00e8 atleta amputato alla gamba sinistra. Vive a Ischia, dove risiedono anche Cesare Covino e Giampi<a href=\"http:\/\/www.wtkg.it\/wp-content\/Gianni.jpg\"><img loading=\"lazy\" decoding=\"async\" class=\"alignright size-thumbnail wp-image-4262\" title=\"Gianni\" src=\"http:\/\/www.wtkg.it\/wp-content\/Gianni-150x150.jpg\" alt=\"\" width=\"150\" height=\"150\" \/><\/a> Ferrandino e tanti amici che abbiamo incontrato lo scorso Ottrobre nella prima edizione On The Road di Happy Hand. Alla maratona di Amsterdam Gianni Sasso ha migliorato di 9&#8217;22&#8221; il record mondiale di categoria, da lui stesso detenuto, portando il limite a 4h28&#8217;38&#8221;.<br \/>\nVenerd\u00ec sera \u00e8 passato a trovarci a Bologna e per noi del WTKG \u00e8 stato un bellissimo regalo. Il giorno successivo \u00e8 poi andato a Cattolica, insieme con Francesco Messori (il nistro piccolo Messi) al collegiale della nazionale italiana amputati, la squadra nata da un sogno di Francesco divenuto realt\u00e0. Il primo match ufficiale sar\u00e0 contro la Francia. Gianni ha anticipato il viaggio di un giorno per poterci abbracciare e noi lo ringraziamo tantissimo. Sar\u00e0 lui la nostra Guest Star della terza edizione di Happy Hand, dal 31 Maggio al 2 Giugno a Monte San Pietro. Grazie Gianni, ti aspettiamo!<\/p>\n","protected":false},"excerpt":{"rendered":"<p>Per chi non lo conoscesse, Gianni Sasso \u00e8 atleta amputato alla gamba sinistra. Vive a Ischia, dove risiedono anche Cesare Covino e Giampi Ferrandino e tanti amici che abbiamo incontrato lo scorso Ottrobre nella prima edizione On The Road di Happy Hand. Alla maratona di Amsterdam Gianni Sasso ha migliorato di 9&#8217;22&#8221; il record mondiale [&hellip;]<\/p>\n","protected":false},"author":25,"featured_media":0,"comment_status":"open","ping_status":"closed","sticky":false,"template":"","format":"standard","meta":{"footnotes":""},"categories":[1],"tags":[],"class_list":["post-4253","post","type-post","status-publish","format-standard","hentry","category-willy-news"],"_links":{"self":[{"href":"https:\/\/www.wtkg.it\/index.php?rest_route=\/wp\/v2\/posts\/4253","targetHints":{"allow":["GET"]}}],"collection":[{"href":"https:\/\/www.wtkg.it\/index.php?rest_route=\/wp\/v2\/posts"}],"about":[{"href":"https:\/\/www.wtkg.it\/index.php?rest_route=\/wp\/v2\/types\/post"}],"author":[{"embeddable":true,"href":"https:\/\/www.wtkg.it\/index.php?rest_route=\/wp\/v2\/users\/25"}],"replies":[{"embeddable":true,"href":"https:\/\/www.wtkg.it\/index.php?rest_route=%2Fwp%2Fv2%2Fcomments&post=4253"}],"version-history":[{"count":3,"href":"https:\/\/www.wtkg.it\/index.php?rest_route=\/wp\/v2\/posts\/4253\/revisions"}],"predecessor-version":[{"id":4264,"href":"https:\/\/www.wtkg.it\/index.php?rest_route=\/wp\/v2\/posts\/4253\/revisions\/4264"}],"wp:attachment":[{"href":"https:\/\/www.wtkg.it\/index.php?rest_route=%2Fwp%2Fv2%2Fmedia&parent=4253"}],"wp:term":[{"taxonomy":"category","embeddable":true,"href":"https:\/\/www.wtkg.it\/index.php?rest_route=%2Fwp%2Fv2%2Fcategories&post=4253"},{"taxonomy":"post_tag","embeddable":true,"href":"https:\/\/www.wtkg.it\/index.php?rest_route=%2Fwp%2Fv2%2Ftags&post=4253"}],"curies":[{"name":"wp","href":"https:\/\/api.w.org\/{rel}","templated":true}]}}