{"id":3107,"date":"2012-02-14T18:09:05","date_gmt":"2012-02-14T17:09:05","guid":{"rendered":"http:\/\/www.wtkg.it\/?p=3107"},"modified":"2012-02-18T19:46:51","modified_gmt":"2012-02-18T18:46:51","slug":"sabato-18febbraio-mostra-pittura-di-enrico-ercolani-a-castel-guelfo","status":"publish","type":"post","link":"https:\/\/www.wtkg.it\/?p=3107","title":{"rendered":"Apre il 18 febbraio a Castel Guelfo, presso il Palazzo Comunale, la mostra di pittura &#8220;Io sono&#8221; che esporr\u00e0 opere dell&#8217;artista Enrico Ercolani"},"content":{"rendered":"<p>&#8220;Io sono \u00e8 il titolo del mio primo quadro, il vaso pieno.<br \/>\nOgni quadro successivo \u00e8 stato svuotare il vaso ed essere ogni volta pi\u00f9 leggero e pi\u00f9 cnosapevole di cosa ho dentro.<br \/>\nIo sono perch\u00e8 mi trovo. Dipingendo mi cerco.<a href=\"http:\/\/www.wtkg.it\/wp-content\/invito-18-2-mq.jpg\"><img loading=\"lazy\" decoding=\"async\" class=\"alignright size-thumbnail wp-image-3111\" title=\"invito 18-2 mq\" src=\"http:\/\/www.wtkg.it\/wp-content\/invito-18-2-mq-150x150.jpg\" alt=\"\" width=\"150\" height=\"150\" \/><\/a><br \/>\nE scopro come sono cambiato.<br \/>\nIo sono quello che vedo.<br \/>\nIo sono quello che sento.<br \/>\nIo sono quello che credo.<br \/>\nIo sono. Sono passato attraverso il tunnel e ci sono.<br \/>\nSono cambiate le forme ma l&#8217;essenza \u00e8 rimasta, e si \u00e8 potenziata.<br \/>\nIl segno e il colore sono le mie parole per raccontarvela.&#8221;<\/p>\n<p>L&#8217;inaugurazione della mostra, alle ore 17.00 di sabato 18 febbraio, sar\u00e0 accompagnata dalle musiche di Matteo Giorgoni.<br \/>\nLa mostra sar\u00e0 aperta fino al 3 marzo tutti i giorni la mattina, e il promeriggio su appuntamento.<\/p>\n","protected":false},"excerpt":{"rendered":"<p>&#8220;Io sono \u00e8 il titolo del mio primo quadro, il vaso pieno. Ogni quadro successivo \u00e8 stato svuotare il vaso ed essere ogni volta pi\u00f9 leggero e pi\u00f9 cnosapevole di cosa ho dentro. Io sono perch\u00e8 mi trovo. Dipingendo mi cerco. E scopro come sono cambiato. Io sono quello che vedo. Io sono quello che [&hellip;]<\/p>\n","protected":false},"author":25,"featured_media":0,"comment_status":"open","ping_status":"closed","sticky":false,"template":"","format":"standard","meta":{"footnotes":""},"categories":[37],"tags":[],"class_list":["post-3107","post","type-post","status-publish","format-standard","hentry","category-arte"],"_links":{"self":[{"href":"https:\/\/www.wtkg.it\/index.php?rest_route=\/wp\/v2\/posts\/3107","targetHints":{"allow":["GET"]}}],"collection":[{"href":"https:\/\/www.wtkg.it\/index.php?rest_route=\/wp\/v2\/posts"}],"about":[{"href":"https:\/\/www.wtkg.it\/index.php?rest_route=\/wp\/v2\/types\/post"}],"author":[{"embeddable":true,"href":"https:\/\/www.wtkg.it\/index.php?rest_route=\/wp\/v2\/users\/25"}],"replies":[{"embeddable":true,"href":"https:\/\/www.wtkg.it\/index.php?rest_route=%2Fwp%2Fv2%2Fcomments&post=3107"}],"version-history":[{"count":6,"href":"https:\/\/www.wtkg.it\/index.php?rest_route=\/wp\/v2\/posts\/3107\/revisions"}],"predecessor-version":[{"id":3114,"href":"https:\/\/www.wtkg.it\/index.php?rest_route=\/wp\/v2\/posts\/3107\/revisions\/3114"}],"wp:attachment":[{"href":"https:\/\/www.wtkg.it\/index.php?rest_route=%2Fwp%2Fv2%2Fmedia&parent=3107"}],"wp:term":[{"taxonomy":"category","embeddable":true,"href":"https:\/\/www.wtkg.it\/index.php?rest_route=%2Fwp%2Fv2%2Fcategories&post=3107"},{"taxonomy":"post_tag","embeddable":true,"href":"https:\/\/www.wtkg.it\/index.php?rest_route=%2Fwp%2Fv2%2Ftags&post=3107"}],"curies":[{"name":"wp","href":"https:\/\/api.w.org\/{rel}","templated":true}]}}